{"id":1311,"date":"2021-04-07T09:12:33","date_gmt":"2021-04-07T07:12:33","guid":{"rendered":"https:\/\/levergerdechamplion.org\/?p=1311"},"modified":"2021-05-04T16:37:55","modified_gmt":"2021-05-04T14:37:55","slug":"bonjour-printemps","status":"publish","type":"post","link":"https:\/\/levergerdechamplion.org\/?p=1311","title":{"rendered":"Bonjour printemps"},"content":{"rendered":"<p>L&rsquo;association a pass\u00e9 l&rsquo;hiver. Son deuxi\u00e8me cycle saisonnier est bien engag\u00e9 et les premi\u00e8res productions du verger et du potager sont d\u00e9j\u00e0 assur\u00e9es jusqu&rsquo;\u00e0 la fin de l&rsquo;ann\u00e9e. Il reste des pommes et quelques conserves de fruits\u00a0pour attendre les cerises. <br \/>Depuis f\u00e9vrier, le terrain donne \u00e0 l&rsquo;envi pissenlits et ciboulettes, le cidre a \u00e9t\u00e9 mis en bouteilles, pr\u00eat au relais de la pr\u00e9c\u00e9dente cuv\u00e9e. <br \/>Les bourgeons ont r\u00e9sist\u00e9 au gel d&rsquo;avril, ils \u00e9closent les uns apr\u00e8s les autres et les semis et plantations poussent bien.<\/p>\n<figure>\n\t\t\t\t\t\t\t\t\t\t<img width=\"537\" height=\"403\" src=\"https:\/\/levergerdechamplion.org\/wp-content\/uploads\/2021\/04\/1617108014535blob.png\" alt=\"\" loading=\"lazy\" srcset=\"https:\/\/levergerdechamplion.org\/wp-content\/uploads\/2021\/04\/1617108014535blob.png 537w, https:\/\/levergerdechamplion.org\/wp-content\/uploads\/2021\/04\/1617108014535blob-300x225.png 300w\" sizes=\"(max-width: 537px) 100vw, 537px\" \/><figcaption>La mise en bouteille du 6 mars, sous abri : remplissage des bouteilles et de la cave et dehors : trempage nettoyage s\u00e9chage.<\/figcaption><\/figure>\n<p>\t\t\t\t\t\t\t\t\t\t\t\t<img width=\"302\" height=\"403\" src=\"https:\/\/levergerdechamplion.org\/wp-content\/uploads\/2021\/04\/1617108127362blob.png\" alt=\"\" loading=\"lazy\" srcset=\"https:\/\/levergerdechamplion.org\/wp-content\/uploads\/2021\/04\/1617108127362blob.png 302w, https:\/\/levergerdechamplion.org\/wp-content\/uploads\/2021\/04\/1617108127362blob-225x300.png 225w\" sizes=\"(max-width: 302px) 100vw, 302px\" \/><br \/>\n\t\tMais comme l&rsquo;an pass\u00e9, la pand\u00e9mie limite les visites et chantiers tandis qu&rsquo;un nouvel ultimatum est pos\u00e9 : Si avant fin juin 2021 je n&rsquo;accepte pas la vente de la propri\u00e9t\u00e9 demand\u00e9e par mes fr\u00e8res et s\u0153ur, ils saisiront le Tribunal pour qu&rsquo;elle soit obtenue contre mon gr\u00e9.<br \/>\n&nbsp;<br \/>\nBien \u00e9videmment, je cherche une autre solution que&nbsp;mon expulsion et&nbsp;l&rsquo;abandon du projet&nbsp;que je m\u00e8ne depuis maintenant 13 ans.<br \/>\nLa protection juridique ne laisse pas envisager de transaction ni conditions. Un avocat me repr\u00e9sentera,&nbsp;avec l&rsquo;aide juridictionnelle que je devrai solliciter,&nbsp;pour une m\u00e9diation dans un meilleur d\u00e9lai ou&nbsp; devant le juge.\t\t<\/p>\n<figure>\n\t\t\t\t\t\t\t\t\t\t<img width=\"780\" height=\"585\" src=\"https:\/\/levergerdechamplion.org\/wp-content\/uploads\/2021\/04\/SAM_1545-1024x768.jpg\" alt=\"\" loading=\"lazy\" srcset=\"https:\/\/levergerdechamplion.org\/wp-content\/uploads\/2021\/04\/SAM_1545-1024x768.jpg 1024w, https:\/\/levergerdechamplion.org\/wp-content\/uploads\/2021\/04\/SAM_1545-300x225.jpg 300w, https:\/\/levergerdechamplion.org\/wp-content\/uploads\/2021\/04\/SAM_1545-768x576.jpg 768w, https:\/\/levergerdechamplion.org\/wp-content\/uploads\/2021\/04\/SAM_1545-1536x1152.jpg 1536w, https:\/\/levergerdechamplion.org\/wp-content\/uploads\/2021\/04\/SAM_1545.jpg 1984w\" sizes=\"(max-width: 780px) 100vw, 780px\" \/><figcaption>Un d\u00e9jeuner sur l&rsquo;herbe qui ne tentera pas Layla : cerfeuil, ciboulettes et pissenlits pour les tartines.<\/figcaption><\/figure>\n<figure>\n\t\t\t\t\t\t\t\t\t\t<img width=\"780\" height=\"585\" src=\"https:\/\/levergerdechamplion.org\/wp-content\/uploads\/2021\/04\/SAM_1542-1024x768.jpg\" alt=\"\" loading=\"lazy\" srcset=\"https:\/\/levergerdechamplion.org\/wp-content\/uploads\/2021\/04\/SAM_1542-1024x768.jpg 1024w, https:\/\/levergerdechamplion.org\/wp-content\/uploads\/2021\/04\/SAM_1542-300x225.jpg 300w, https:\/\/levergerdechamplion.org\/wp-content\/uploads\/2021\/04\/SAM_1542-768x576.jpg 768w, https:\/\/levergerdechamplion.org\/wp-content\/uploads\/2021\/04\/SAM_1542-1536x1152.jpg 1536w, https:\/\/levergerdechamplion.org\/wp-content\/uploads\/2021\/04\/SAM_1542.jpg 1984w\" sizes=\"(max-width: 780px) 100vw, 780px\" \/><figcaption>Un poirier presque en fleurs.<\/figcaption><\/figure>\n<p>D&rsquo;ici l\u00e0, la maison et son terrain restent ouverts aux adh\u00e9rents et \u00e0 leurs proches.<br \/>J&rsquo;esp\u00e8re vous y voir bient\u00f4t.<\/p>\n<p>\t\t\t\t\t\t\t\t\t\t\t\t<img width=\"768\" height=\"1024\" src=\"https:\/\/levergerdechamplion.org\/wp-content\/uploads\/2021\/04\/SAM_1515-768x1024.jpg\" alt=\"\" loading=\"lazy\" srcset=\"https:\/\/levergerdechamplion.org\/wp-content\/uploads\/2021\/04\/SAM_1515-768x1024.jpg 768w, https:\/\/levergerdechamplion.org\/wp-content\/uploads\/2021\/04\/SAM_1515-225x300.jpg 225w, https:\/\/levergerdechamplion.org\/wp-content\/uploads\/2021\/04\/SAM_1515-1152x1536.jpg 1152w, https:\/\/levergerdechamplion.org\/wp-content\/uploads\/2021\/04\/SAM_1515.jpg 1488w\" sizes=\"(max-width: 768px) 100vw, 768px\" \/>\t\t\t\t\t\t\t\t\t\t\t\t\t\t<\/p>\n<figure>\n\t\t\t\t\t\t\t\t\t\t<img width=\"780\" height=\"585\" src=\"https:\/\/levergerdechamplion.org\/wp-content\/uploads\/2021\/04\/SAM_1530-1024x768.jpg\" alt=\"\" loading=\"lazy\" srcset=\"https:\/\/levergerdechamplion.org\/wp-content\/uploads\/2021\/04\/SAM_1530-1024x768.jpg 1024w, https:\/\/levergerdechamplion.org\/wp-content\/uploads\/2021\/04\/SAM_1530-300x225.jpg 300w, https:\/\/levergerdechamplion.org\/wp-content\/uploads\/2021\/04\/SAM_1530-768x576.jpg 768w, https:\/\/levergerdechamplion.org\/wp-content\/uploads\/2021\/04\/SAM_1530-1536x1152.jpg 1536w, https:\/\/levergerdechamplion.org\/wp-content\/uploads\/2021\/04\/SAM_1530.jpg 1984w\" sizes=\"(max-width: 780px) 100vw, 780px\" \/><figcaption>Les semis choisissant leur prochaine place sous abri ou attendant le bon moment \u00e0 c\u00f4t\u00e9 des radiateurs.<\/figcaption><\/figure>\n<p>\t\t\t\t\t\t\t\t\t\t\t\t<img width=\"780\" height=\"585\" src=\"https:\/\/levergerdechamplion.org\/wp-content\/uploads\/2021\/04\/plantations-1024x768.jpg\" alt=\"verger de champlion plantations\" loading=\"lazy\" srcset=\"https:\/\/levergerdechamplion.org\/wp-content\/uploads\/2021\/04\/plantations-1024x768.jpg 1024w, https:\/\/levergerdechamplion.org\/wp-content\/uploads\/2021\/04\/plantations-300x225.jpg 300w, https:\/\/levergerdechamplion.org\/wp-content\/uploads\/2021\/04\/plantations-768x576.jpg 768w, https:\/\/levergerdechamplion.org\/wp-content\/uploads\/2021\/04\/plantations-1536x1152.jpg 1536w, https:\/\/levergerdechamplion.org\/wp-content\/uploads\/2021\/04\/plantations.jpg 1984w\" sizes=\"(max-width: 780px) 100vw, 780px\" \/><br \/>\n\t\t\t\t\t\t\t\t\t\t\t\t<img width=\"768\" height=\"1024\" src=\"https:\/\/levergerdechamplion.org\/wp-content\/uploads\/2021\/04\/tulipe-768x1024.jpg\" alt=\"verger de champlion\" loading=\"lazy\" srcset=\"https:\/\/levergerdechamplion.org\/wp-content\/uploads\/2021\/04\/tulipe-768x1024.jpg 768w, https:\/\/levergerdechamplion.org\/wp-content\/uploads\/2021\/04\/tulipe-225x300.jpg 225w, https:\/\/levergerdechamplion.org\/wp-content\/uploads\/2021\/04\/tulipe-1152x1536.jpg 1152w, https:\/\/levergerdechamplion.org\/wp-content\/uploads\/2021\/04\/tulipe.jpg 1488w\" sizes=\"(max-width: 768px) 100vw, 768px\" \/><\/p>\n","protected":false},"excerpt":{"rendered":"<p>L&rsquo;association a pass\u00e9 l&rsquo;hiver. Son deuxi\u00e8me cycle saisonnier est bien engag\u00e9 et les premi\u00e8res productions du verger et du potager [&hellip;]<\/p>\n","protected":false},"author":3823,"featured_media":1334,"comment_status":"closed","ping_status":"closed","sticky":false,"template":"","format":"standard","meta":[],"categories":[6],"tags":[],"_links":{"self":[{"href":"https:\/\/levergerdechamplion.org\/index.php?rest_route=\/wp\/v2\/posts\/1311"}],"collection":[{"href":"https:\/\/levergerdechamplion.org\/index.php?rest_route=\/wp\/v2\/posts"}],"about":[{"href":"https:\/\/levergerdechamplion.org\/index.php?rest_route=\/wp\/v2\/types\/post"}],"author":[{"embeddable":true,"href":"https:\/\/levergerdechamplion.org\/index.php?rest_route=\/wp\/v2\/users\/3823"}],"replies":[{"embeddable":true,"href":"https:\/\/levergerdechamplion.org\/index.php?rest_route=%2Fwp%2Fv2%2Fcomments&post=1311"}],"version-history":[{"count":33,"href":"https:\/\/levergerdechamplion.org\/index.php?rest_route=\/wp\/v2\/posts\/1311\/revisions"}],"predecessor-version":[{"id":1361,"href":"https:\/\/levergerdechamplion.org\/index.php?rest_route=\/wp\/v2\/posts\/1311\/revisions\/1361"}],"wp:featuredmedia":[{"embeddable":true,"href":"https:\/\/levergerdechamplion.org\/index.php?rest_route=\/wp\/v2\/media\/1334"}],"wp:attachment":[{"href":"https:\/\/levergerdechamplion.org\/index.php?rest_route=%2Fwp%2Fv2%2Fmedia&parent=1311"}],"wp:term":[{"taxonomy":"category","embeddable":true,"href":"https:\/\/levergerdechamplion.org\/index.php?rest_route=%2Fwp%2Fv2%2Fcategories&post=1311"},{"taxonomy":"post_tag","embeddable":true,"href":"https:\/\/levergerdechamplion.org\/index.php?rest_route=%2Fwp%2Fv2%2Ftags&post=1311"}],"curies":[{"name":"wp","href":"https:\/\/api.w.org\/{rel}","templated":true}]}}